{"id":8306,"date":"2023-02-17T11:46:27","date_gmt":"2023-02-17T11:46:27","guid":{"rendered":"https:\/\/hotelcvita.com\/2023\/02\/17\/dioklecijanova-palaca-split\/"},"modified":"2025-02-22T20:47:53","modified_gmt":"2025-02-22T20:47:53","slug":"dioklecijanova-palaca-split","status":"publish","type":"post","link":"https:\/\/hotelcvita.com\/hr\/dioklecijanova-palaca-split\/","title":{"rendered":"Dioklecijanova pala\u010da &#8211; Split"},"content":{"rendered":"\n<p>Dioklecijanova pala\u010da je anti\u010dka pala\u010da sagra\u0111ena za rimskog cara Dioklecijana na prijelazu u \u010detvrto stolje\u0107e nove ere, koja danas \u010dini otprilike polovicu starog grada Splita u Hrvatskoj. Iako se naziva &#8220;pala\u010da&#8221; zbog svoje namjene kao Dioklecijanove rezidencije za umirovljenje, izraz mo\u017ee dovesti u zabludu jer je gra\u0111evina masivna i vi\u0161e nalikuje velikoj tvr\u0111avi: otprilike polovica je bila za Dioklecijanovu osobnu upotrebu, au ostatku je bio smje\u0161ten vojni garnizon. Danas su ostaci pala\u010de dio povijesne jezgre Splita koju je 1979. UNESCO uvrstio na popis svjetske ba\u0161tine.  <\/p>\n\n<p>Povijest<\/p>\n\n<p>Dioklecijan je naredio izgradnju jako utvr\u0111enog kompleksa u blizini svog rodnog grada Spalatuma u pripremi za svoje umirovljenje 1. svibnja 305. godine. Odabrano je mjesto u blizini Salone, pokrajinskog administrativnog sredi\u0161ta Dalmacije, na ju\u017enoj strani kratkog poluotoka.<br\/> Po\u010detak gradnje Dioklecijanove pala\u010de nije to\u010dno utvr\u0111en. Pretpostavlja se da je po\u010delo oko 295. godine, nakon uvo\u0111enja tetrarhije (vladavine \u010detvorice). No, deset godina nakon te odluke, kada je Dioklecijan abdicirao 305. godine, pala\u010da je izgleda jo\u0161 nedovr\u0161ena, a postoje naznake da su se neki radovi odvijali dok je car boravio u Pala\u010di. Ne zna se po \u010dijoj je arhitektonskoj zamisli pala\u010da sagra\u0111ena i tko su njeni graditelji. Kompleks je napravljen po uzoru na rimske utvrde iz ere 3. stolje\u0107a, \u010diji se primjeri mogu vidjeti preko limesa, kao \u0161to je utvrda na mostu Castrum Divitia preko Rajne od K\u00f6lna.     <\/p>\n\n<p>Romani\u010dki zvonik katedrale Svetog Dujma<\/p>\n\n<p>U razdoblju slobodne srednjovjekovne komune, izme\u0111u 12. i 14. stolje\u0107a, dolazi do ve\u0107eg arhitektonskog razvoja kada mnoge srednjovjekovne ku\u0107e ispunjavaju ne samo rimske gra\u0111evine ve\u0107 i velik dio slobodnog prostora ulica i pristani\u0161ta. U tom je razdoblju dovr\u0161ena i gradnja romani\u010dkog zvonika katedrale Svetog Duje, koji se nalazi u zgradi koja je prvotno bila podignuta kao Jupiterov hram, a potom kori\u0161tena kao Dioklecijanov mauzolej. <\/p>\n\n<p>Danas je dobro o\u010duvana Pala\u010da sa svim najva\u017enijim povijesnim gra\u0111evinama, u sredi\u0161tu grada Splita, drugog po veli\u010dini grada moderne Hrvatske. Dioklecijanova pala\u010da zbog svog stupnja o\u010duvanosti daleko nadilazi lokalni zna\u010daj. Pala\u010da je jedno od najpoznatijih i najcjelovitijih arhitektonskih i kulturnih obilje\u017eja hrvatske obale Jadrana. Kao najcjelovitiji svjetski ostatak rimske pala\u010de, zauzima izvanredno mjesto u mediteranskoj, europskoj i svjetskoj ba\u0161tini.   <\/p>\n\n<p>Kulturna ba\u0161tina<\/p>\n\n<p>U studenom 1979. UNESCO je, u skladu s me\u0111unarodnom konvencijom o kulturnoj i prirodnoj ba\u0161tini, usvojio prijedlog da se povijesni grad Split izgra\u0111en oko Pala\u010de uvrsti u registar svjetske kulturne ba\u0161tine.<\/p>\n\n<p>Arhitektura<\/p>\n\n<p>Dvije od \u0161est osmerokutnih prizemnih kula bile su uokvirene s tri podestna ulaza, a \u0161est pravokutnih prizemlja pravokutnog kata nalazilo se izme\u0111u ugla i oktogonala. Do danas su sa\u010duvane tri ugaone kule (osim jugozapadne), a samo ostaci osmerokutne i pravokutne. Arhitektonski su fragmentirana tri dobro o\u010duvana podesta, osobito sjeverno, koje je predstavljalo glavni prilaz iz Salone. Ju\u017ena, primorska vrata, mala su, jednostavna i dobro o\u010duvana. Pro\u010delni zidovi pala\u010de u donjem dijelu su masivni i jednostavni bez otvora, au gornjem dijelu su veliki lukovi okrenuti prema kopnu, odnosno na zapadnom, sjevernom i isto\u010dnom pro\u010delju. podzemni dijelovi pala\u010de imaju ba\u010dvaste svode od kamena.     <\/p>\n\n<p>Vanjski zidovi<\/p>\n\n<p>Neutvr\u0111eno je samo ju\u017eno pro\u010delje, koje se uzdizalo neposredno ili vrlo blizu mora. Razra\u0111ena arhitektonska kompozicija arkadne galerije na njenom gornjem katu razlikuje se od stro\u017eije obrade triju obalnih pro\u010delja. Monumentalna vrata u sredini svakog zida vodila su u zatvoreno dvori\u0161te. Ju\u017ena &#8216;Morska vrata&#8217; (Porta Meridionalis) bila su jednostavnijeg oblika i dimenzija od ostala tri, a smatra se da su izvorno bila namijenjena ili kao carev privatni pristup moru ili kao servisni ulaz za opskrbu.   <\/p>\n\n<p>Sjeverna vrata \u2013 Zlatna vrata<\/p>\n\n<p>Porta septemtrionalis (&#8220;sjeverna vrata)&#8221; jedna su od \u010detiri glavna rimska vrata u pala\u010du. Izvorno Glavna vrata s kojih je car ulazio u kompleks, vrata su na cesti prema sjeveru, prema Saloni, tada\u0161njem glavnom gradu rimske provincije Dalmacije i Dioklecijanovom rodnom mjestu. Vjerojatno su to vrata na koja je car u\u0161ao nakon abdikacije s carskog prijestolja 1. svibnja 305. Danas se iznad vrata nalazi crkva sv. Martina iz 7. stolje\u0107a, otvorena za javnost.  <\/p>\n\n<p>Isto\u010dna vrata \u2013 Srebrna vrata<\/p>\n\n<p>Porta Orientalis (&#8220;isto\u010dna vrata&#8221;) jedna su od \u010detiri glavna rimska vrata u pala\u010du. Izvorno sporedna vrata, okrenuta su na istok prema rimskom gradu Epetiji, dana\u0161njem Stobre\u010du. Vjerojatno u ili oko 6. stolje\u0107a, iznad vrata u stra\u017earskom hodniku, sagra\u0111ena je crkvica posve\u0107ena svetom Apolinaru. To se poklopilo s kompleksom koji je vidio priljev izbjeglica iz udaljenih zajednica, sli\u010dne crkve bile su iznad Zlatnih vrata, \u017deljeznih vrata i Bron\u010danih vrata. Struktura ovog dijela zida i samih vrata kasnije su ugra\u0111eni u razne gra\u0111evine u sljede\u0107im stolje\u0107ima, poput crkve Du\u0161ice, koja je stradala u Drugom svjetskom ratu.    <\/p>\n\n<p>Zapadna vrata \u2013 \u017deljezna vrata<\/p>\n\n<p>Porta Occidentalis (&#8220;zapadna vrata&#8221;) jedna su od \u010detiri glavna rimska vrata u pala\u010du. Izvorno vojna vrata s kojih su trupe ulazile u kompleks, jedina su vrata koja su ostala u kontinuiranoj upotrebi do danas. Tijekom progona pod Teodozijem I. reljefna skulptura Nike, rimske bo\u017eice pobjede (koja je stajala na nadvratniku) uklonjena je s vrata, kasnije u 5. stolje\u0107u kr\u0161\u0107ani su na njeno mjesto ugravirali kri\u017e. U 6. st. iznad vrata crkvica posve\u0107ena sv. Teodori. To se poklopilo s kompleksom koji je vidio priljev izbjeglica iz okolnih zajednica, sli\u010dne crkve bile su iznad Zlatnih vrata, Srebrnih vrata i Bron\u010danih vrata.    <\/p>\n\n<p>Ju\u017ena vrata \u2013 Bron\u010dana vrata<\/p>\n\n<p>Porta Meridionalis ili &#8220;ju\u017ena vrata&#8221; manja su od \u010detiri glavna rimska vrata u pala\u010du. Izvorno morska vrata s kojih je car \u010damcem ulazio u kompleks, kroz podrumske prostorije u Carskoj pala\u010di. <\/p>\n\n<p>Unutarnji raspored<\/p>\n\n<p>Dizajn je izveden iz tipova villa i castrum, a ta je dvojnost vidljiva iu ure\u0111enju interijera. Popre\u010dni put (dekumanus) koji povezuje Isto\u010dna i Zapadna vrata dijelio je kompleks na dvije polovice. <\/p>\n\n<p>Ju\u017ena polovica<\/p>\n\n<p>Rekonstrukcija pro\u010delja prema moru iz E. H\u00e9brarda i J. Zeillera, Spalato, le Palais de Diocl\u00e9tien, Pariz, 1912. U ju\u017enoj polovici bile su rasko\u0161nije strukture nego u sjevernom dijelu; to su javne, privatne i vjerske zgrade, kao i carevi stanovi. <\/p>\n\n<p>Carev stan<\/p>\n\n<p>Carevi stanovi \u010dinili su blok uz obalu, vanjskog kvadratnog i kru\u017enog tlocrta, s kupolom. Odatle se pristupalo carevom stanu, koji se protezao 40 m duboko du\u017e cijelog ju\u017enog pro\u010delja; samo je djelomi\u010dno sa\u010duvan na gornjem katu, ali je prizemni, prevedene supstrukcije koje su ga izravno nosile gotovo su u cijelosti sa\u010duvane, pa se s obzirom na podudarnost gornjeg i donjeg tlocrta mo\u017ee sagledati cjelokupni raspored i izgled gornjih prostora. Sa zapadne strane gornjeg kata sa\u010duvani su ostaci kupolne dvorane i dvije dvorane s apsidama, a s isto\u010dne strane dijelovi oktogonalne blagovaonice s tri dvorane kri\u017enog tlocrta. Zid Zapadnog kri\u017enog hodnika sa\u010duvan je u punoj visini. Dioklecijanov stan bio je me\u0111usobno povezan duga\u010dkom prostorijom du\u017e ju\u017enog pro\u010delja (cryptoporticus) iz koje se kroz 42 prozora i 3 balkona otvarao pogled na more. Sjeverno od careva stana nedavno su prona\u0111ena dva kupatila, jedno uz zapadne, a drugo uz isto\u010dne dvorane. Iako stolje\u0107ima gotovo potpuno zatrpana otpadom, ve\u0107ina supstrukcije je dobro o\u010duvana i ukazuje na izvorni oblik i raspored prostorija iznad.      <\/p>\n\n<p>Vestibul<\/p>\n\n<p>Rotunda, nekada prvi dio carskog hodnika u Pala\u010di koji je preko Peristila vodio do Carskih stanova Pala\u010de.<\/p>\n\n<p>Dvorski podrumi<\/p>\n\n<p>Smje\u0161teni ispod onoga \u0161to su bili Carski stanovi, Podrumi Dioklecijanove pala\u010de su skup potkonstrukcija smje\u0161tenih na ju\u017enom kraju Pala\u010de, koji predstavljaju jedan od najbolje o\u010duvanih anti\u010dkih kompleksa te vrste u svijetu.<\/p>\n\n<p>Peristil<\/p>\n\n<p>Monumentalni dvor, Peristil, tvorio je sjeverni pristup carskim stanovima ispred Vestibula. Tako\u0111er je omogu\u0107io pristup Dioklecijanovom mauzoleju na istoku (danas katedrala Svetog Duje) i trima hramovima na zapadu (od kojih su dva sada izgubljena, a tre\u0107i, koji je izvorno bio Jupiterov hram, postao je krstionica). Zapadno od Peristila nalazi se i hram pod nazivom Eskulapov hram, koji ima polucilindri\u010dni krov izgra\u0111en od kamenih blokova, koji nije proki\u0161njavao sve do 1940-ih kada je pokriven olovnim krovom. Hram je nedavno obnovljen.   <\/p>\n\n<p>Sjeverna polovica<\/p>\n\n<p>Sjeverna polovica pala\u010de, podijeljena na dva dijela glavnom ulicom sjever-jug (cardo) koja vodi od Zlatnih vrata (Porta aurea) do Peristila, lo\u0161ije je o\u010duvana. Obi\u010dno se pretpostavlja da je svaki dio bio stambeni kompleks u kojem su bili smje\u0161teni vojnici, posluga, a mo\u017eda i neki drugi objekti. <\/p>\n\n<p>Gra\u0111evinski materijali<\/p>\n\n<p>Pala\u010da je gra\u0111ena od visokokvalitetnog bijelog doma\u0107eg vapnenca i mramora, ve\u0107inom iz bra\u010dkih kamenoloma mramora na otoku Bra\u010du, od sedre va\u0111ene iz korita obli\u017enjih rijeka te od opeke izra\u0111ene u salonitanskim i drugim tvornicama. Neki materijali za ukra\u0161avanje su uvezeni: egipatski granitni stupovi, fini mramor za oblaganje i neki kapiteli proizvedeni u radionicama na Proconnesu. <\/p>\n\n<p>Egipatske sfinge<\/p>\n\n<p>Pala\u010da je bila ukra\u0161ena brojnim 3500 godina starim granitnim sfingama, koje potje\u010du s mjesta egipatskog faraona Tutmozisa III. Samo tri su pre\u017eivjele stolje\u0107a. Jedan je jo\u0161 uvijek na Peristilu, drugi bezglavo sjedi ispred Jupiterova hrama, a tre\u0107i se nalazi u gradskom muzeju.  <\/p>\n\n<p>Pje\u0161a\u010dka tura<\/p>\n\n<p>Ovo je poludnevni pje\u0161a\u010dki izlet gdje mo\u017eete vidjeti sve sadr\u017eaje, fotografirati i u\u017eivati \u200b\u200bu pogledu. Kad se umorite mo\u017eete se osvje\u017eiti u brojnim barovima smje\u0161tenim u hladu izme\u0111u debelih zidina starog grada. <\/p>\n\n<figure class=\"wp-block-gallery has-nested-images columns-default is-cropped wp-block-gallery-1 is-layout-flex wp-block-gallery-is-layout-flex\">\n<figure class=\"wp-block-image size-large\"><img fetchpriority=\"high\" decoding=\"async\" width=\"1024\" height=\"682\" data-id=\"5399\" src=\"https:\/\/hotelcvita.com\/wp-content\/uploads\/2023\/02\/Split2-1024x682.jpg\" alt=\"Split\" class=\"wp-image-5399\" srcset=\"https:\/\/hotelcvita.com\/wp-content\/uploads\/2023\/02\/Split2-1024x682.jpg 1024w, https:\/\/hotelcvita.com\/wp-content\/uploads\/2023\/02\/Split2-300x200.jpg 300w, https:\/\/hotelcvita.com\/wp-content\/uploads\/2023\/02\/Split2-768x511.jpg 768w, https:\/\/hotelcvita.com\/wp-content\/uploads\/2023\/02\/Split2-1536x1022.jpg 1536w, https:\/\/hotelcvita.com\/wp-content\/uploads\/2023\/02\/Split2.jpg 1260w\" sizes=\"(max-width: 1024px) 100vw, 1024px\" \/><figcaption class=\"wp-element-caption\">Dioklecijanova pala\u010da, Split<\/figcaption><\/figure>\n\n\n\n<figure class=\"wp-block-image size-large\"><img decoding=\"async\" width=\"1024\" height=\"684\" data-id=\"5398\" src=\"https:\/\/hotelcvita.com\/wp-content\/uploads\/2023\/02\/Split1-1024x684.jpg\" alt=\"Split\" class=\"wp-image-5398\" srcset=\"https:\/\/hotelcvita.com\/wp-content\/uploads\/2023\/02\/Split1-1024x684.jpg 1024w, https:\/\/hotelcvita.com\/wp-content\/uploads\/2023\/02\/Split1-300x200.jpg 300w, https:\/\/hotelcvita.com\/wp-content\/uploads\/2023\/02\/Split1-768x513.jpg 768w, https:\/\/hotelcvita.com\/wp-content\/uploads\/2023\/02\/Split1-1536x1025.jpg 1536w, https:\/\/hotelcvita.com\/wp-content\/uploads\/2023\/02\/Split1.jpg 1260w\" sizes=\"(max-width: 1024px) 100vw, 1024px\" \/><figcaption class=\"wp-element-caption\">Split, Hrvatska. Split, Hrvatska (regija Dalmacija). Svjetska ba\u0161tina UNESCO-a. Dioklecijanova pala\u010da i planina Mosor u pozadini.   <\/figcaption><\/figure>\n\n\n\n<figure class=\"wp-block-image size-large\"><img decoding=\"async\" width=\"1024\" height=\"664\" data-id=\"5392\" src=\"https:\/\/hotelcvita.com\/wp-content\/uploads\/2023\/02\/Peristil5-1024x664.png\" alt=\"Split\" class=\"wp-image-5392\" srcset=\"https:\/\/hotelcvita.com\/wp-content\/uploads\/2023\/02\/Peristil5-1024x664.png 1024w, https:\/\/hotelcvita.com\/wp-content\/uploads\/2023\/02\/Peristil5-300x194.png 300w, https:\/\/hotelcvita.com\/wp-content\/uploads\/2023\/02\/Peristil5-768x498.png 768w, https:\/\/hotelcvita.com\/wp-content\/uploads\/2023\/02\/Peristil5.png 1080w\" sizes=\"(max-width: 1024px) 100vw, 1024px\" \/><\/figure>\n\n\n\n<figure class=\"wp-block-image size-large\"><img loading=\"lazy\" decoding=\"async\" width=\"1024\" height=\"664\" data-id=\"5391\" src=\"https:\/\/hotelcvita.com\/wp-content\/uploads\/2023\/02\/Peristil4-1024x664.png\" alt=\"Split\" class=\"wp-image-5391\" srcset=\"https:\/\/hotelcvita.com\/wp-content\/uploads\/2023\/02\/Peristil4-1024x664.png 1024w, https:\/\/hotelcvita.com\/wp-content\/uploads\/2023\/02\/Peristil4-300x194.png 300w, https:\/\/hotelcvita.com\/wp-content\/uploads\/2023\/02\/Peristil4-768x498.png 768w, https:\/\/hotelcvita.com\/wp-content\/uploads\/2023\/02\/Peristil4.png 1080w\" sizes=\"(max-width: 1024px) 100vw, 1024px\" \/><\/figure>\n\n\n\n<figure class=\"wp-block-image size-large\"><img loading=\"lazy\" decoding=\"async\" width=\"1024\" height=\"664\" data-id=\"5390\" src=\"https:\/\/hotelcvita.com\/wp-content\/uploads\/2023\/02\/Peristil3-1024x664.png\" alt=\"Split\" class=\"wp-image-5390\" srcset=\"https:\/\/hotelcvita.com\/wp-content\/uploads\/2023\/02\/Peristil3-1024x664.png 1024w, https:\/\/hotelcvita.com\/wp-content\/uploads\/2023\/02\/Peristil3-300x194.png 300w, https:\/\/hotelcvita.com\/wp-content\/uploads\/2023\/02\/Peristil3-768x498.png 768w, https:\/\/hotelcvita.com\/wp-content\/uploads\/2023\/02\/Peristil3.png 1080w\" sizes=\"(max-width: 1024px) 100vw, 1024px\" \/><\/figure>\n\n\n\n<figure class=\"wp-block-image size-large\"><img loading=\"lazy\" decoding=\"async\" width=\"1024\" height=\"664\" data-id=\"5389\" src=\"https:\/\/hotelcvita.com\/wp-content\/uploads\/2023\/02\/Peristil2-1024x664.png\" alt=\"Split\" class=\"wp-image-5389\" srcset=\"https:\/\/hotelcvita.com\/wp-content\/uploads\/2023\/02\/Peristil2-1024x664.png 1024w, https:\/\/hotelcvita.com\/wp-content\/uploads\/2023\/02\/Peristil2-300x194.png 300w, https:\/\/hotelcvita.com\/wp-content\/uploads\/2023\/02\/Peristil2-768x498.png 768w, https:\/\/hotelcvita.com\/wp-content\/uploads\/2023\/02\/Peristil2.png 1080w\" sizes=\"(max-width: 1024px) 100vw, 1024px\" \/><\/figure>\n\n\n\n<figure class=\"wp-block-image size-large\"><img loading=\"lazy\" decoding=\"async\" width=\"1024\" height=\"664\" data-id=\"5388\" src=\"https:\/\/hotelcvita.com\/wp-content\/uploads\/2023\/02\/Peristil-Split-1024x664.png\" alt=\"Split\" class=\"wp-image-5388\" srcset=\"https:\/\/hotelcvita.com\/wp-content\/uploads\/2023\/02\/Peristil-Split-1024x664.png 1024w, https:\/\/hotelcvita.com\/wp-content\/uploads\/2023\/02\/Peristil-Split-300x194.png 300w, https:\/\/hotelcvita.com\/wp-content\/uploads\/2023\/02\/Peristil-Split-768x498.png 768w, https:\/\/hotelcvita.com\/wp-content\/uploads\/2023\/02\/Peristil-Split.png 1080w\" sizes=\"(max-width: 1024px) 100vw, 1024px\" \/><\/figure>\n\n\n\n<figure class=\"wp-block-image size-large\"><img loading=\"lazy\" decoding=\"async\" width=\"1024\" height=\"664\" data-id=\"5387\" src=\"https:\/\/hotelcvita.com\/wp-content\/uploads\/2023\/02\/Peristil-1-1024x664.png\" alt=\"Split\" class=\"wp-image-5387\" srcset=\"https:\/\/hotelcvita.com\/wp-content\/uploads\/2023\/02\/Peristil-1-1024x664.png 1024w, https:\/\/hotelcvita.com\/wp-content\/uploads\/2023\/02\/Peristil-1-300x194.png 300w, https:\/\/hotelcvita.com\/wp-content\/uploads\/2023\/02\/Peristil-1-768x498.png 768w, https:\/\/hotelcvita.com\/wp-content\/uploads\/2023\/02\/Peristil-1.png 1080w\" sizes=\"(max-width: 1024px) 100vw, 1024px\" \/><\/figure>\n<\/figure>\n","protected":false},"excerpt":{"rendered":"<p>Dioklecijanova pala\u010da je anti\u010dka pala\u010da sagra\u0111ena za rimskog cara Dioklecijana na prijelazu u \u010detvrto stolje\u0107e nove ere, koja danas \u010dini oko pola&#8230;<\/p>\n","protected":false},"author":1,"featured_media":7816,"comment_status":"closed","ping_status":"open","sticky":false,"template":"","format":"standard","meta":{"_joinchat":[],"footnotes":""},"categories":[33],"tags":[],"class_list":["post-8306","post","type-post","status-publish","format-standard","has-post-thumbnail","hentry","category-vodic"],"yoast_head":"<!-- This site is optimized with the Yoast SEO plugin v26.2 - https:\/\/yoast.com\/wordpress\/plugins\/seo\/ -->\n<title>Dioklecijanova pala\u010da - Split - Hotel Cvita Split Hrvatska<\/title>\n<meta name=\"description\" content=\"Dioklecijanova pala\u010da je anti\u010dka pala\u010da sagra\u0111ena za rimskog cara Dioklecijana na prijelazu u \u010detvrto stolje\u0107e nove ere, koja danas \u010dini otprilike polovicu starog grada Splita, Hrvatska.\" \/>\n<meta name=\"robots\" content=\"index, follow, max-snippet:-1, max-image-preview:large, max-video-preview:-1\" \/>\n<link rel=\"canonical\" href=\"https:\/\/hotelcvita.com\/hr\/dioklecijanova-palaca-split\/\" \/>\n<meta property=\"og:locale\" content=\"hr_HR\" \/>\n<meta property=\"og:type\" content=\"article\" \/>\n<meta property=\"og:title\" content=\"Dioklecijanova pala\u010da - Split - Hotel Cvita Split Hrvatska\" \/>\n<meta property=\"og:description\" content=\"Dioklecijanova pala\u010da je anti\u010dka pala\u010da sagra\u0111ena za rimskog cara Dioklecijana na prijelazu u \u010detvrto stolje\u0107e nove ere, koja danas \u010dini otprilike polovicu starog grada Splita, Hrvatska.\" \/>\n<meta property=\"og:url\" content=\"https:\/\/hotelcvita.com\/hr\/dioklecijanova-palaca-split\/\" \/>\n<meta property=\"og:site_name\" content=\"Hotel Cvita Split Hrvatska\" \/>\n<meta property=\"article:published_time\" content=\"2023-02-17T11:46:27+00:00\" \/>\n<meta property=\"article:modified_time\" content=\"2025-02-22T20:47:53+00:00\" \/>\n<meta property=\"og:image\" content=\"https:\/\/hotelcvita.com\/wp-content\/uploads\/2023\/02\/Peristil3.png\" \/>\n<meta name=\"author\" content=\"cvita\" \/>\n<meta name=\"twitter:card\" content=\"summary_large_image\" \/>\n<meta name=\"twitter:label1\" content=\"Napisao\/la\" \/>\n\t<meta name=\"twitter:data1\" content=\"cvita\" \/>\n\t<meta name=\"twitter:label2\" content=\"Procijenjeno vrijeme \u010ditanja\" \/>\n\t<meta name=\"twitter:data2\" content=\"8 minuta\" \/>\n<script type=\"application\/ld+json\" class=\"yoast-schema-graph\">{\"@context\":\"https:\/\/schema.org\",\"@graph\":[{\"@type\":\"Article\",\"@id\":\"https:\/\/hotelcvita.com\/hr\/dioklecijanova-palaca-split\/#article\",\"isPartOf\":{\"@id\":\"https:\/\/hotelcvita.com\/hr\/dioklecijanova-palaca-split\/\"},\"author\":{\"name\":\"cvita\",\"@id\":\"https:\/\/hotelcvita.com\/hr\/#\/schema\/person\/91f297f12b4bc2d6c5a9bfcdb26f4e32\"},\"headline\":\"Dioklecijanova pala\u010da &#8211; Split\",\"datePublished\":\"2023-02-17T11:46:27+00:00\",\"dateModified\":\"2025-02-22T20:47:53+00:00\",\"mainEntityOfPage\":{\"@id\":\"https:\/\/hotelcvita.com\/hr\/dioklecijanova-palaca-split\/\"},\"wordCount\":1625,\"publisher\":{\"@id\":\"https:\/\/hotelcvita.com\/hr\/#organization\"},\"image\":{\"@id\":\"https:\/\/hotelcvita.com\/hr\/dioklecijanova-palaca-split\/#primaryimage\"},\"thumbnailUrl\":\"https:\/\/hotelcvita.com\/wp-content\/uploads\/2023\/02\/Peristil3.png\",\"articleSection\":[\"Vodi\u010d\"],\"inLanguage\":\"hr\"},{\"@type\":\"WebPage\",\"@id\":\"https:\/\/hotelcvita.com\/hr\/dioklecijanova-palaca-split\/\",\"url\":\"https:\/\/hotelcvita.com\/hr\/dioklecijanova-palaca-split\/\",\"name\":\"Dioklecijanova pala\u010da - Split - Hotel Cvita Split Hrvatska\",\"isPartOf\":{\"@id\":\"https:\/\/hotelcvita.com\/hr\/#website\"},\"primaryImageOfPage\":{\"@id\":\"https:\/\/hotelcvita.com\/hr\/dioklecijanova-palaca-split\/#primaryimage\"},\"image\":{\"@id\":\"https:\/\/hotelcvita.com\/hr\/dioklecijanova-palaca-split\/#primaryimage\"},\"thumbnailUrl\":\"https:\/\/hotelcvita.com\/wp-content\/uploads\/2023\/02\/Peristil3.png\",\"datePublished\":\"2023-02-17T11:46:27+00:00\",\"dateModified\":\"2025-02-22T20:47:53+00:00\",\"description\":\"Dioklecijanova pala\u010da je anti\u010dka pala\u010da sagra\u0111ena za rimskog cara Dioklecijana na prijelazu u \u010detvrto stolje\u0107e nove ere, koja danas \u010dini otprilike polovicu starog grada Splita, Hrvatska.\",\"breadcrumb\":{\"@id\":\"https:\/\/hotelcvita.com\/hr\/dioklecijanova-palaca-split\/#breadcrumb\"},\"inLanguage\":\"hr\",\"potentialAction\":[{\"@type\":\"ReadAction\",\"target\":[\"https:\/\/hotelcvita.com\/hr\/dioklecijanova-palaca-split\/\"]}]},{\"@type\":\"ImageObject\",\"inLanguage\":\"hr\",\"@id\":\"https:\/\/hotelcvita.com\/hr\/dioklecijanova-palaca-split\/#primaryimage\",\"url\":\"https:\/\/hotelcvita.com\/wp-content\/uploads\/2023\/02\/Peristil3.png\",\"contentUrl\":\"https:\/\/hotelcvita.com\/wp-content\/uploads\/2023\/02\/Peristil3.png\",\"width\":1080,\"height\":700},{\"@type\":\"BreadcrumbList\",\"@id\":\"https:\/\/hotelcvita.com\/hr\/dioklecijanova-palaca-split\/#breadcrumb\",\"itemListElement\":[{\"@type\":\"ListItem\",\"position\":1,\"name\":\"Home\",\"item\":\"https:\/\/hotelcvita.com\/hr\/\"},{\"@type\":\"ListItem\",\"position\":2,\"name\":\"Dioklecijanova pala\u010da &#8211; Split\"}]},{\"@type\":\"WebSite\",\"@id\":\"https:\/\/hotelcvita.com\/hr\/#website\",\"url\":\"https:\/\/hotelcvita.com\/hr\/\",\"name\":\"Hotel Cvita Split Hrvatska\",\"description\":\"Odsjednite u hotelu Cvita, luksuznom mjestu za bijeg u parku Marjan s prekrasnim pogledom na Jadran, samo nekoliko minuta od centra grada Splita koji je pod za\u0161titom UNESCO-a.\",\"publisher\":{\"@id\":\"https:\/\/hotelcvita.com\/hr\/#organization\"},\"potentialAction\":[{\"@type\":\"SearchAction\",\"target\":{\"@type\":\"EntryPoint\",\"urlTemplate\":\"https:\/\/hotelcvita.com\/hr\/?s={search_term_string}\"},\"query-input\":{\"@type\":\"PropertyValueSpecification\",\"valueRequired\":true,\"valueName\":\"search_term_string\"}}],\"inLanguage\":\"hr\"},{\"@type\":\"Organization\",\"@id\":\"https:\/\/hotelcvita.com\/hr\/#organization\",\"name\":\"Hotel Cvita Split Hrvatska\",\"url\":\"https:\/\/hotelcvita.com\/hr\/\",\"logo\":{\"@type\":\"ImageObject\",\"inLanguage\":\"hr\",\"@id\":\"https:\/\/hotelcvita.com\/hr\/#\/schema\/logo\/image\/\",\"url\":\"https:\/\/hotelcvita.com\/wp-content\/uploads\/2024\/10\/hotel-cvita-split-logo.png\",\"contentUrl\":\"https:\/\/hotelcvita.com\/wp-content\/uploads\/2024\/10\/hotel-cvita-split-logo.png\",\"width\":360,\"height\":360,\"caption\":\"Hotel Cvita Split Hrvatska\"},\"image\":{\"@id\":\"https:\/\/hotelcvita.com\/hr\/#\/schema\/logo\/image\/\"}},{\"@type\":\"Person\",\"@id\":\"https:\/\/hotelcvita.com\/hr\/#\/schema\/person\/91f297f12b4bc2d6c5a9bfcdb26f4e32\",\"name\":\"cvita\",\"image\":{\"@type\":\"ImageObject\",\"inLanguage\":\"hr\",\"@id\":\"https:\/\/hotelcvita.com\/hr\/#\/schema\/person\/image\/\",\"url\":\"https:\/\/secure.gravatar.com\/avatar\/f73325707369ff2ab314d82f3581295a54165bf93e389b7221eff122232f9bf5?s=96&d=mm&r=g\",\"contentUrl\":\"https:\/\/secure.gravatar.com\/avatar\/f73325707369ff2ab314d82f3581295a54165bf93e389b7221eff122232f9bf5?s=96&d=mm&r=g\",\"caption\":\"cvita\"},\"sameAs\":[\"https:\/\/hotelcvita.com\"],\"url\":\"https:\/\/hotelcvita.com\/hr\/author\/cvita\/\"}]}<\/script>\n<!-- \/ Yoast SEO plugin. -->","yoast_head_json":{"title":"Dioklecijanova pala\u010da - Split - Hotel Cvita Split Hrvatska","description":"Dioklecijanova pala\u010da je anti\u010dka pala\u010da sagra\u0111ena za rimskog cara Dioklecijana na prijelazu u \u010detvrto stolje\u0107e nove ere, koja danas \u010dini otprilike polovicu starog grada Splita, Hrvatska.","robots":{"index":"index","follow":"follow","max-snippet":"max-snippet:-1","max-image-preview":"max-image-preview:large","max-video-preview":"max-video-preview:-1"},"canonical":"https:\/\/hotelcvita.com\/hr\/dioklecijanova-palaca-split\/","og_locale":"hr_HR","og_type":"article","og_title":"Dioklecijanova pala\u010da - Split - Hotel Cvita Split Hrvatska","og_description":"Dioklecijanova pala\u010da je anti\u010dka pala\u010da sagra\u0111ena za rimskog cara Dioklecijana na prijelazu u \u010detvrto stolje\u0107e nove ere, koja danas \u010dini otprilike polovicu starog grada Splita, Hrvatska.","og_url":"https:\/\/hotelcvita.com\/hr\/dioklecijanova-palaca-split\/","og_site_name":"Hotel Cvita Split Hrvatska","article_published_time":"2023-02-17T11:46:27+00:00","article_modified_time":"2025-02-22T20:47:53+00:00","og_image":[{"url":"https:\/\/hotelcvita.com\/wp-content\/uploads\/2023\/02\/Peristil3.png","type":"","width":"","height":""}],"author":"cvita","twitter_card":"summary_large_image","twitter_misc":{"Napisao\/la":"cvita","Procijenjeno vrijeme \u010ditanja":"8 minuta"},"schema":{"@context":"https:\/\/schema.org","@graph":[{"@type":"Article","@id":"https:\/\/hotelcvita.com\/hr\/dioklecijanova-palaca-split\/#article","isPartOf":{"@id":"https:\/\/hotelcvita.com\/hr\/dioklecijanova-palaca-split\/"},"author":{"name":"cvita","@id":"https:\/\/hotelcvita.com\/hr\/#\/schema\/person\/91f297f12b4bc2d6c5a9bfcdb26f4e32"},"headline":"Dioklecijanova pala\u010da &#8211; Split","datePublished":"2023-02-17T11:46:27+00:00","dateModified":"2025-02-22T20:47:53+00:00","mainEntityOfPage":{"@id":"https:\/\/hotelcvita.com\/hr\/dioklecijanova-palaca-split\/"},"wordCount":1625,"publisher":{"@id":"https:\/\/hotelcvita.com\/hr\/#organization"},"image":{"@id":"https:\/\/hotelcvita.com\/hr\/dioklecijanova-palaca-split\/#primaryimage"},"thumbnailUrl":"https:\/\/hotelcvita.com\/wp-content\/uploads\/2023\/02\/Peristil3.png","articleSection":["Vodi\u010d"],"inLanguage":"hr"},{"@type":"WebPage","@id":"https:\/\/hotelcvita.com\/hr\/dioklecijanova-palaca-split\/","url":"https:\/\/hotelcvita.com\/hr\/dioklecijanova-palaca-split\/","name":"Dioklecijanova pala\u010da - Split - Hotel Cvita Split Hrvatska","isPartOf":{"@id":"https:\/\/hotelcvita.com\/hr\/#website"},"primaryImageOfPage":{"@id":"https:\/\/hotelcvita.com\/hr\/dioklecijanova-palaca-split\/#primaryimage"},"image":{"@id":"https:\/\/hotelcvita.com\/hr\/dioklecijanova-palaca-split\/#primaryimage"},"thumbnailUrl":"https:\/\/hotelcvita.com\/wp-content\/uploads\/2023\/02\/Peristil3.png","datePublished":"2023-02-17T11:46:27+00:00","dateModified":"2025-02-22T20:47:53+00:00","description":"Dioklecijanova pala\u010da je anti\u010dka pala\u010da sagra\u0111ena za rimskog cara Dioklecijana na prijelazu u \u010detvrto stolje\u0107e nove ere, koja danas \u010dini otprilike polovicu starog grada Splita, Hrvatska.","breadcrumb":{"@id":"https:\/\/hotelcvita.com\/hr\/dioklecijanova-palaca-split\/#breadcrumb"},"inLanguage":"hr","potentialAction":[{"@type":"ReadAction","target":["https:\/\/hotelcvita.com\/hr\/dioklecijanova-palaca-split\/"]}]},{"@type":"ImageObject","inLanguage":"hr","@id":"https:\/\/hotelcvita.com\/hr\/dioklecijanova-palaca-split\/#primaryimage","url":"https:\/\/hotelcvita.com\/wp-content\/uploads\/2023\/02\/Peristil3.png","contentUrl":"https:\/\/hotelcvita.com\/wp-content\/uploads\/2023\/02\/Peristil3.png","width":1080,"height":700},{"@type":"BreadcrumbList","@id":"https:\/\/hotelcvita.com\/hr\/dioklecijanova-palaca-split\/#breadcrumb","itemListElement":[{"@type":"ListItem","position":1,"name":"Home","item":"https:\/\/hotelcvita.com\/hr\/"},{"@type":"ListItem","position":2,"name":"Dioklecijanova pala\u010da &#8211; Split"}]},{"@type":"WebSite","@id":"https:\/\/hotelcvita.com\/hr\/#website","url":"https:\/\/hotelcvita.com\/hr\/","name":"Hotel Cvita Split Hrvatska","description":"Odsjednite u hotelu Cvita, luksuznom mjestu za bijeg u parku Marjan s prekrasnim pogledom na Jadran, samo nekoliko minuta od centra grada Splita koji je pod za\u0161titom UNESCO-a.","publisher":{"@id":"https:\/\/hotelcvita.com\/hr\/#organization"},"potentialAction":[{"@type":"SearchAction","target":{"@type":"EntryPoint","urlTemplate":"https:\/\/hotelcvita.com\/hr\/?s={search_term_string}"},"query-input":{"@type":"PropertyValueSpecification","valueRequired":true,"valueName":"search_term_string"}}],"inLanguage":"hr"},{"@type":"Organization","@id":"https:\/\/hotelcvita.com\/hr\/#organization","name":"Hotel Cvita Split Hrvatska","url":"https:\/\/hotelcvita.com\/hr\/","logo":{"@type":"ImageObject","inLanguage":"hr","@id":"https:\/\/hotelcvita.com\/hr\/#\/schema\/logo\/image\/","url":"https:\/\/hotelcvita.com\/wp-content\/uploads\/2024\/10\/hotel-cvita-split-logo.png","contentUrl":"https:\/\/hotelcvita.com\/wp-content\/uploads\/2024\/10\/hotel-cvita-split-logo.png","width":360,"height":360,"caption":"Hotel Cvita Split Hrvatska"},"image":{"@id":"https:\/\/hotelcvita.com\/hr\/#\/schema\/logo\/image\/"}},{"@type":"Person","@id":"https:\/\/hotelcvita.com\/hr\/#\/schema\/person\/91f297f12b4bc2d6c5a9bfcdb26f4e32","name":"cvita","image":{"@type":"ImageObject","inLanguage":"hr","@id":"https:\/\/hotelcvita.com\/hr\/#\/schema\/person\/image\/","url":"https:\/\/secure.gravatar.com\/avatar\/f73325707369ff2ab314d82f3581295a54165bf93e389b7221eff122232f9bf5?s=96&d=mm&r=g","contentUrl":"https:\/\/secure.gravatar.com\/avatar\/f73325707369ff2ab314d82f3581295a54165bf93e389b7221eff122232f9bf5?s=96&d=mm&r=g","caption":"cvita"},"sameAs":["https:\/\/hotelcvita.com"],"url":"https:\/\/hotelcvita.com\/hr\/author\/cvita\/"}]}},"_links":{"self":[{"href":"https:\/\/hotelcvita.com\/hr\/wp-json\/wp\/v2\/posts\/8306","targetHints":{"allow":["GET"]}}],"collection":[{"href":"https:\/\/hotelcvita.com\/hr\/wp-json\/wp\/v2\/posts"}],"about":[{"href":"https:\/\/hotelcvita.com\/hr\/wp-json\/wp\/v2\/types\/post"}],"author":[{"embeddable":true,"href":"https:\/\/hotelcvita.com\/hr\/wp-json\/wp\/v2\/users\/1"}],"replies":[{"embeddable":true,"href":"https:\/\/hotelcvita.com\/hr\/wp-json\/wp\/v2\/comments?post=8306"}],"version-history":[{"count":1,"href":"https:\/\/hotelcvita.com\/hr\/wp-json\/wp\/v2\/posts\/8306\/revisions"}],"predecessor-version":[{"id":8308,"href":"https:\/\/hotelcvita.com\/hr\/wp-json\/wp\/v2\/posts\/8306\/revisions\/8308"}],"wp:featuredmedia":[{"embeddable":true,"href":"https:\/\/hotelcvita.com\/hr\/wp-json\/wp\/v2\/media\/7816"}],"wp:attachment":[{"href":"https:\/\/hotelcvita.com\/hr\/wp-json\/wp\/v2\/media?parent=8306"}],"wp:term":[{"taxonomy":"category","embeddable":true,"href":"https:\/\/hotelcvita.com\/hr\/wp-json\/wp\/v2\/categories?post=8306"},{"taxonomy":"post_tag","embeddable":true,"href":"https:\/\/hotelcvita.com\/hr\/wp-json\/wp\/v2\/tags?post=8306"}],"curies":[{"name":"wp","href":"https:\/\/api.w.org\/{rel}","templated":true}]}}